{"id":7187,"date":"2025-06-16T11:02:00","date_gmt":"2025-06-16T08:02:00","guid":{"rendered":"https:\/\/troubleshootermajorca.com\/?p=7187"},"modified":"2025-07-15T13:10:19","modified_gmt":"2025-07-15T10:10:19","slug":"privater-transfer-mallorca-11","status":"publish","type":"post","link":"https:\/\/troubleshootermajorca.com\/de\/privater-transfer-mallorca-11\/","title":{"rendered":"Privater Transfer vom Flughafen Palma nach S\u00f3ller &amp; Port de S\u00f3ller"},"content":{"rendered":"<p><a href=\"https:\/\/troubleshootermajorca.com\/de\/\">Home<\/a> &gt;&gt; <a href=\"https:\/\/troubleshootermajorca.com\/de\/ueber-mallorca\/\">\u00dcber Mallorca<\/a> &gt;&gt;Privater Transfer vom Flughafen Palma nach Soller und Port de Soller<\/p>\n<p data-start=\"596\" data-end=\"803\">Planen Sie eine Reise nach Mallorca? Wenn S\u00f3ller oder Port de S\u00f3ller Ihr Ziel ist, dann ist ein Transfer von Palma nach S\u00f3ller oder ein Flughafentransfer nach Port de S\u00f3ller die eleganteste und entspannteste Art, dorthin zu gelangen. <\/p>\n<p data-start=\"805\" data-end=\"997\">Vergessen Sie die M\u00fche , ein Auto zu mieten oder in langen Taxischlangen zu warten. Ein privater Transfer vom Flughafen Palma nach S\u00f3ller bietet Bequemlichkeit, Zuverl\u00e4ssigkeit und Komfort &#8211; alles zu einem Festpreis. <\/p>\n<p data-start=\"999\" data-end=\"1226\">Viele unserer Kunden w\u00e4hlen den Chauffeurservice in S\u00f3ller auch f\u00fcr luxuri\u00f6se Erlebnisse, romantische Ausfl\u00fcge und hochwertige Gesch\u00e4ftsreisen. Er ist die erste Wahl f\u00fcr alle, die Wert auf Privatsph\u00e4re, P\u00fcnktlichkeit und stressfreie Logistik legen. <\/p>\n<p data-start=\"999\" data-end=\"1226\"><a href=\"https:\/\/troubleshootermajorca.com\/de\/\"><strong data-start=\"391\" data-end=\"472\">Buchen Sie Ihren Transfer vom Flughafen Palma nach S\u00f3ller oder Port de S\u00f3ller<\/strong><\/a> &#8211; schnell, bequem und stressfrei!<\/p>\n<p>\t\t\t<a href=\"https:\/\/troubleshootermajorca.com\/#scrolltoform\"><br \/>\n\t\t\t\t\t\t\t\t\tBestellung<br \/>\n\t\t\t\t\t<\/a><\/p>\n<h2 data-start=\"1233\" data-end=\"1274\">\ud83d\udeab Warum nicht ein Auto mieten oder ein Taxi nehmen?<\/h2>\n<ul data-start=\"1276\" data-end=\"1612\">\n<li data-start=\"1276\" data-end=\"1343\">\n<p data-start=\"1278\" data-end=\"1343\">\ud83c\udfde\ufe0f <strong data-start=\"1282\" data-end=\"1307\">Enge Bergstra\u00dfen<\/strong>: eine Herausforderung f\u00fcr Fahranf\u00e4nger<\/p>\n<\/li>\n<li data-start=\"1344\" data-end=\"1447\">\n<p data-start=\"1346\" data-end=\"1447\">\ud83d\udeab B <strong data-start=\"1349\" data-end=\"1368\">egrenzte Parkm\u00f6glichkeiten<\/strong>: vor allem in der Altstadt von S\u00f3ller oder in der N\u00e4he der Strandpromenade von Port de S\u00f3ller<\/p>\n<\/li>\n<li data-start=\"1448\" data-end=\"1519\">\n<p data-start=\"1450\" data-end=\"1519\">\ud83d\udcb8 <strong data-start=\"1453\" data-end=\"1473\">Unerwartete Kosten<\/strong>: Versicherung, Kraftstoff, Parken und m\u00f6gliche Bu\u00dfgelder<\/p>\n<\/li>\n<li data-start=\"1520\" data-end=\"1612\">\n<p data-start=\"1522\" data-end=\"1612\">\ud83d\udcbc <strong data-start=\"1525\" data-end=\"1555\">Taxis k\u00f6nnen unberechenbar sein<\/strong>: Preissteigerungen und Verf\u00fcgbarkeitsprobleme in der Hochsaison<\/p>\n<\/li>\n<\/ul>\n<h3 data-start=\"1619\" data-end=\"1687\"> <\/h3>\n<h2 data-start=\"1619\" data-end=\"1687\">\u2705 Vorteile der Buchung eines Transfers Palma &#8211; S\u00f3ller \/ Port de S\u00f3ller<\/h2>\n<ul data-start=\"1689\" data-end=\"1980\">\n<li data-start=\"1689\" data-end=\"1739\">\n<p data-start=\"1691\" data-end=\"1739\">\ud83d\ude98 Moderne Fahrzeuge mit Klimaanlage und Kindersitzen<\/p>\n<\/li>\n<li data-start=\"1787\" data-end=\"1830\">\n<p data-start=\"1789\" data-end=\"1830\">\ud83d\udd52 Keine Wartezeit &#8211; wir verfolgen Ihren Flug<\/p>\n<\/li>\n<li data-start=\"1831\" data-end=\"1864\">\n<p data-start=\"1833\" data-end=\"1864\">\ud83d\udcb0 Feste Preise &#8211; keine \u00dcberraschungen<\/p>\n<\/li>\n<li data-start=\"1865\" data-end=\"1918\">\n<p data-start=\"1867\" data-end=\"1918\">\ud83d\udc68\u200d\u2708\ufe0f Lokale Berufskraftfahrer<\/p>\n<\/li>\n<li data-start=\"1919\" data-end=\"1980\">\n<p data-start=\"1921\" data-end=\"1980\">\ud83d\ude99 Verf\u00fcgbar f\u00fcr Einzelreisende, Familien, Gruppen und VIPs<\/p>\n<\/li>\n<\/ul>\n<p data-start=\"1982\" data-end=\"2167\">Ob Sie einen privaten Transfer vom Flughafen Palma nach Port de S\u00f3ller, einen Chauffeurservice nach S\u00f3ller oder eine luxuri\u00f6se Fahrt von Palma in die Berge ben\u00f6tigen, wir haben das Richtige f\u00fcr Sie.<\/p>\n<h3 data-start=\"2174\" data-end=\"2220\">\ud83c\udf34 Was man in S\u00f3ller und Port de S\u00f3ller unternehmen kann<\/h3>\n<p data-start=\"2222\" data-end=\"2421\">S\u00f3ller ist eine charmante Stadt im Herzen des Tramuntanagebirges (UNESCO-Weltkulturerbe). Sie ist ber\u00fchmt f\u00fcr ihre modernistische Architektur, ihre Orangenhaine und ihren entschleunigten Lebensstil. <\/p>\n<p data-start=\"2423\" data-end=\"2463\">Hier erfahren Sie, wie Sie Ihren Aufenthalt in S\u00f3ller genie\u00dfen k\u00f6nnen:<\/p>\n<ul data-start=\"2465\" data-end=\"2733\">\n<li data-start=\"2465\" data-end=\"2539\">\n<p data-start=\"2467\" data-end=\"2539\">\ud83d\uddbc Besuchen Sie das Museum f\u00fcr moderne Kunst mit Werken von Picasso und Mir\u00f3<\/p>\n<\/li>\n<li data-start=\"2540\" data-end=\"2612\">\n<p data-start=\"2542\" data-end=\"2612\">\ud83d\ude8b Nehmen Sie die kultige Holzstra\u00dfenbahn zwischen S\u00f3ller und Port de S\u00f3ller<\/p>\n<\/li>\n<li data-start=\"2613\" data-end=\"2669\">\n<p data-start=\"2615\" data-end=\"2669\">\u2615 Genie\u00dfen Sie das lokale Geb\u00e4ck und den Kaffee auf dem Stadtplatz<\/p>\n<\/li>\n<li data-start=\"2670\" data-end=\"2733\">\n<p data-start=\"2672\" data-end=\"2733\">\ud83e\udd7e Wandern Sie auf Bergpfaden mit atemberaubenden Aussichten<\/p>\n<\/li>\n<\/ul>\n<p data-start=\"2735\" data-end=\"2784\"><strong>Port de S\u00f3ller, nur 10 Minuten entfernt, bietet:<\/strong><\/p>\n<ul data-start=\"2786\" data-end=\"3007\">\n<li data-start=\"2786\" data-end=\"2839\">\n<p data-start=\"2788\" data-end=\"2839\">\ud83c\udfd6 Ein ruhiger Strand , umgeben von dramatischen Klippen<\/p>\n<\/li>\n<li data-start=\"2840\" data-end=\"2887\">\n<p data-start=\"2842\" data-end=\"2887\">Bootsausfl\u00fcge, Segeln und private Charters<\/p>\n<\/li>\n<li data-start=\"2888\" data-end=\"2941\">\n<p data-start=\"2890\" data-end=\"2941\">\ud83c\udf7d Fantastische Fischrestaurants an der Strandpromenade<\/p>\n<\/li>\n<li data-start=\"2942\" data-end=\"3007\">\n<p data-start=\"2944\" data-end=\"3007\">\ud83c\udf05 Ein perfekter Sonnenuntergang mit einem Glas mallorquinischem Wein<\/p>\n<\/li>\n<\/ul>\n<h3 data-start=\"3014\" data-end=\"3044\">\ud83c\udf1f Ber\u00fchmtheiten lieben S\u00f3ller<\/h3>\n<p data-start=\"3046\" data-end=\"3336\">S\u00f3ller und Port de S\u00f3ller sind seit langem Anziehungspunkt f\u00fcr K\u00fcnstler, Schriftsteller und Ber\u00fchmtheiten. Zu den historischen Besuchern geh\u00f6ren Pablo Picasso, Joan Mir\u00f3 und Fr\u00e9d\u00e9ric Chopin. Auch heute noch ist diese friedliche Ecke Mallorcas bei europ\u00e4ischen Schauspielern, Musikern und Luxusreisenden beliebt.  <\/p>\n<p data-start=\"3338\" data-end=\"3430\">Viele entscheiden sich f\u00fcr den Chauffeurservice in Port de S\u00f3ller, um maximale Privatsph\u00e4re und erstklassigen Service zu genie\u00dfen.<\/p>\n","protected":false},"excerpt":{"rendered":"<p>Planen Sie eine Reise nach Mallorca? Wenn S\u00f3ller oder Port de S\u00f3ller Ihr Ziel ist, dann ist ein Transfer von Palma nach S\u00f3ller oder ein Flughafentransfer nach Port de S\u00f3ller die eleganteste und entspannteste Art, dorthin zu gelangen. <\/p>\n","protected":false},"author":3,"featured_media":5235,"comment_status":"closed","ping_status":"closed","sticky":false,"template":"","format":"standard","meta":{"ocean_post_layout":"full-screen","ocean_both_sidebars_style":"","ocean_both_sidebars_content_width":0,"ocean_both_sidebars_sidebars_width":0,"ocean_sidebar":"0","ocean_second_sidebar":"0","ocean_disable_margins":"on","ocean_add_body_class":"","ocean_shortcode_before_top_bar":"","ocean_shortcode_after_top_bar":"","ocean_shortcode_before_header":"","ocean_shortcode_after_header":"","ocean_has_shortcode":"","ocean_shortcode_after_title":"","ocean_shortcode_before_footer_widgets":"","ocean_shortcode_after_footer_widgets":"","ocean_shortcode_before_footer_bottom":"","ocean_shortcode_after_footer_bottom":"","ocean_display_top_bar":"off","ocean_display_header":"default","ocean_header_style":"","ocean_center_header_left_menu":"0","ocean_custom_header_template":"0","ocean_custom_logo":0,"ocean_custom_retina_logo":0,"ocean_custom_logo_max_width":0,"ocean_custom_logo_tablet_max_width":0,"ocean_custom_logo_mobile_max_width":0,"ocean_custom_logo_max_height":0,"ocean_custom_logo_tablet_max_height":0,"ocean_custom_logo_mobile_max_height":0,"ocean_header_custom_menu":"0","ocean_menu_typo_font_family":"0","ocean_menu_typo_font_subset":"","ocean_menu_typo_font_size":0,"ocean_menu_typo_font_size_tablet":0,"ocean_menu_typo_font_size_mobile":0,"ocean_menu_typo_font_size_unit":"px","ocean_menu_typo_font_weight":"","ocean_menu_typo_font_weight_tablet":"","ocean_menu_typo_font_weight_mobile":"","ocean_menu_typo_transform":"","ocean_menu_typo_transform_tablet":"","ocean_menu_typo_transform_mobile":"","ocean_menu_typo_line_height":0,"ocean_menu_typo_line_height_tablet":0,"ocean_menu_typo_line_height_mobile":0,"ocean_menu_typo_line_height_unit":"","ocean_menu_typo_spacing":0,"ocean_menu_typo_spacing_tablet":0,"ocean_menu_typo_spacing_mobile":0,"ocean_menu_typo_spacing_unit":"","ocean_menu_link_color":"","ocean_menu_link_color_hover":"","ocean_menu_link_color_active":"","ocean_menu_link_background":"","ocean_menu_link_hover_background":"","ocean_menu_link_active_background":"","ocean_menu_social_links_bg":"","ocean_menu_social_hover_links_bg":"","ocean_menu_social_links_color":"","ocean_menu_social_hover_links_color":"","ocean_disable_title":"on","ocean_disable_heading":"default","ocean_post_title":"","ocean_post_subheading":"","ocean_post_title_style":"","ocean_post_title_background_color":"","ocean_post_title_background":0,"ocean_post_title_bg_image_position":"","ocean_post_title_bg_image_attachment":"","ocean_post_title_bg_image_repeat":"","ocean_post_title_bg_image_size":"","ocean_post_title_height":0,"ocean_post_title_bg_overlay":0.5,"ocean_post_title_bg_overlay_color":"","ocean_disable_breadcrumbs":"off","ocean_breadcrumbs_color":"","ocean_breadcrumbs_separator_color":"","ocean_breadcrumbs_links_color":"","ocean_breadcrumbs_links_hover_color":"","ocean_display_footer_widgets":"default","ocean_display_footer_bottom":"default","ocean_custom_footer_template":"0","footnotes":"","ocean_post_oembed":"","ocean_post_self_hosted_media":"","ocean_post_video_embed":"","ocean_link_format":"","ocean_link_format_target":"self","ocean_quote_format":"","ocean_quote_format_link":"post","ocean_gallery_link_images":"off","ocean_gallery_id":[]},"categories":[51],"tags":[],"yoast_head":"<!-- This site is optimized with the Yoast SEO plugin v22.6 - https:\/\/yoast.com\/wordpress\/plugins\/seo\/ -->\n<title>Transfer vom Flughafen Palma nach S\u00f3ller oder Port de S\u00f3ller - \u041e\u0442\u0434\u044b\u0445 \u043d\u0430 \u041c\u0430\u0439\u043e\u0440\u043a\u0435%<\/title>\n<meta name=\"description\" content=\"Private transfer from Palma Airport to S\u00f3ller &amp; Port de S\u00f3ller. Comfortable, fixed-rate, and fast. Chauffeur service available.\" \/>\n<meta name=\"robots\" content=\"index, follow, max-snippet:-1, max-image-preview:large, max-video-preview:-1\" \/>\n<link rel=\"canonical\" href=\"https:\/\/troubleshootermajorca.com\/de\/privater-transfer-mallorca-11\/\" \/>\n<meta property=\"og:locale\" content=\"de_DE\" \/>\n<meta property=\"og:type\" content=\"article\" \/>\n<meta property=\"og:title\" content=\"Transfer vom Flughafen Palma nach S\u00f3ller oder Port de S\u00f3ller - \u041e\u0442\u0434\u044b\u0445 \u043d\u0430 \u041c\u0430\u0439\u043e\u0440\u043a\u0435%\" \/>\n<meta property=\"og:description\" content=\"Private transfer from Palma Airport to S\u00f3ller &amp; Port de S\u00f3ller. Comfortable, fixed-rate, and fast. Chauffeur service available.\" \/>\n<meta property=\"og:url\" content=\"https:\/\/troubleshootermajorca.com\/de\/privater-transfer-mallorca-11\/\" \/>\n<meta property=\"og:site_name\" content=\"\u041e\u0442\u0434\u044b\u0445 \u043d\u0430 \u041c\u0430\u0439\u043e\u0440\u043a\u0435\" \/>\n<meta property=\"article:publisher\" content=\"https:\/\/www.facebook.com\/troubleshootermajorca2020\/\" \/>\n<meta property=\"article:published_time\" content=\"2025-06-16T08:02:00+00:00\" \/>\n<meta property=\"article:modified_time\" content=\"2025-07-15T10:10:19+00:00\" \/>\n<meta property=\"og:image\" content=\"https:\/\/troubleshootermajorca.com\/wp-content\/uploads\/2024\/07\/4-CAR-min.jpg.webp\" \/>\n\t<meta property=\"og:image:width\" content=\"1920\" \/>\n\t<meta property=\"og:image:height\" content=\"600\" \/>\n\t<meta property=\"og:image:type\" content=\"image\/webp\" \/>\n<meta name=\"author\" content=\"Diana\" \/>\n<meta name=\"twitter:card\" content=\"summary_large_image\" \/>\n<meta name=\"twitter:creator\" content=\"@Majorcaotdix\" \/>\n<meta name=\"twitter:site\" content=\"@Majorcaotdix\" \/>\n<meta name=\"twitter:label1\" content=\"Verfasst von\" \/>\n\t<meta name=\"twitter:data1\" content=\"Diana\" \/>\n\t<meta name=\"twitter:label2\" content=\"Gesch\u00e4tzte Lesezeit\" \/>\n\t<meta name=\"twitter:data2\" content=\"4\u00a0Minuten\" \/>\n<script type=\"application\/ld+json\" class=\"yoast-schema-graph\">{\"@context\":\"https:\/\/schema.org\",\"@graph\":[{\"@type\":\"WebPage\",\"@id\":\"https:\/\/troubleshootermajorca.com\/de\/privater-transfer-mallorca-11\/\",\"url\":\"https:\/\/troubleshootermajorca.com\/de\/privater-transfer-mallorca-11\/\",\"name\":\"Transfer vom Flughafen Palma nach S\u00f3ller oder Port de S\u00f3ller - \u041e\u0442\u0434\u044b\u0445 \u043d\u0430 \u041c\u0430\u0439\u043e\u0440\u043a\u0435%\",\"isPartOf\":{\"@id\":\"https:\/\/troubleshootermajorca.com\/#website\"},\"primaryImageOfPage\":{\"@id\":\"https:\/\/troubleshootermajorca.com\/de\/privater-transfer-mallorca-11\/#primaryimage\"},\"image\":{\"@id\":\"https:\/\/troubleshootermajorca.com\/de\/privater-transfer-mallorca-11\/#primaryimage\"},\"thumbnailUrl\":\"https:\/\/troubleshootermajorca.com\/wp-content\/uploads\/2024\/07\/4-CAR-min.jpg.webp\",\"datePublished\":\"2025-06-16T08:02:00+00:00\",\"dateModified\":\"2025-07-15T10:10:19+00:00\",\"author\":{\"@id\":\"https:\/\/troubleshootermajorca.com\/#\/schema\/person\/b491f165db0f3867dedd8854ba6cd12b\"},\"description\":\"Private transfer from Palma Airport to S\u00f3ller & Port de S\u00f3ller. Comfortable, fixed-rate, and fast. Chauffeur service available.\",\"breadcrumb\":{\"@id\":\"https:\/\/troubleshootermajorca.com\/de\/privater-transfer-mallorca-11\/#breadcrumb\"},\"inLanguage\":\"de\",\"potentialAction\":[{\"@type\":\"ReadAction\",\"target\":[\"https:\/\/troubleshootermajorca.com\/de\/privater-transfer-mallorca-11\/\"]}]},{\"@type\":\"ImageObject\",\"inLanguage\":\"de\",\"@id\":\"https:\/\/troubleshootermajorca.com\/de\/privater-transfer-mallorca-11\/#primaryimage\",\"url\":\"https:\/\/troubleshootermajorca.com\/wp-content\/uploads\/2024\/07\/4-CAR-min.jpg.webp\",\"contentUrl\":\"https:\/\/troubleshootermajorca.com\/wp-content\/uploads\/2024\/07\/4-CAR-min.jpg.webp\",\"width\":1920,\"height\":600},{\"@type\":\"BreadcrumbList\",\"@id\":\"https:\/\/troubleshootermajorca.com\/de\/privater-transfer-mallorca-11\/#breadcrumb\",\"itemListElement\":[{\"@type\":\"ListItem\",\"position\":1,\"name\":\"Home\",\"item\":\"https:\/\/troubleshootermajorca.com\/de\/\"},{\"@type\":\"ListItem\",\"position\":2,\"name\":\"Privater Transfer vom Flughafen Palma nach S\u00f3ller &amp; Port de S\u00f3ller\"}]},{\"@type\":\"WebSite\",\"@id\":\"https:\/\/troubleshootermajorca.com\/#website\",\"url\":\"https:\/\/troubleshootermajorca.com\/\",\"name\":\"Troubleshooter Mallorca Chauffeur Service\",\"description\":\"\u0422\u0440\u0430\u043d\u0441\u0444\u0435\u0440 \",\"potentialAction\":[{\"@type\":\"SearchAction\",\"target\":{\"@type\":\"EntryPoint\",\"urlTemplate\":\"https:\/\/troubleshootermajorca.com\/?s={search_term_string}\"},\"query-input\":\"required name=search_term_string\"}],\"inLanguage\":\"de\"},{\"@type\":\"Person\",\"@id\":\"https:\/\/troubleshootermajorca.com\/#\/schema\/person\/b491f165db0f3867dedd8854ba6cd12b\",\"name\":\"Diana\",\"image\":{\"@type\":\"ImageObject\",\"inLanguage\":\"de\",\"@id\":\"https:\/\/troubleshootermajorca.com\/#\/schema\/person\/image\/\",\"url\":\"https:\/\/secure.gravatar.com\/avatar\/36df62e685512eac816927227767d30e?s=96&d=mm&r=g\",\"contentUrl\":\"https:\/\/secure.gravatar.com\/avatar\/36df62e685512eac816927227767d30e?s=96&d=mm&r=g\",\"caption\":\"Diana\"},\"url\":\"https:\/\/troubleshootermajorca.com\/de\/author\/tm-diana-01\/\"}]}<\/script>\n<!-- \/ Yoast SEO plugin. -->","yoast_head_json":{"title":"Transfer vom Flughafen Palma nach S\u00f3ller oder Port de S\u00f3ller - \u041e\u0442\u0434\u044b\u0445 \u043d\u0430 \u041c\u0430\u0439\u043e\u0440\u043a\u0435%","description":"Private transfer from Palma Airport to S\u00f3ller & Port de S\u00f3ller. Comfortable, fixed-rate, and fast. Chauffeur service available.","robots":{"index":"index","follow":"follow","max-snippet":"max-snippet:-1","max-image-preview":"max-image-preview:large","max-video-preview":"max-video-preview:-1"},"canonical":"https:\/\/troubleshootermajorca.com\/de\/privater-transfer-mallorca-11\/","og_locale":"de_DE","og_type":"article","og_title":"Transfer vom Flughafen Palma nach S\u00f3ller oder Port de S\u00f3ller - \u041e\u0442\u0434\u044b\u0445 \u043d\u0430 \u041c\u0430\u0439\u043e\u0440\u043a\u0435%","og_description":"Private transfer from Palma Airport to S\u00f3ller & Port de S\u00f3ller. Comfortable, fixed-rate, and fast. Chauffeur service available.","og_url":"https:\/\/troubleshootermajorca.com\/de\/privater-transfer-mallorca-11\/","og_site_name":"\u041e\u0442\u0434\u044b\u0445 \u043d\u0430 \u041c\u0430\u0439\u043e\u0440\u043a\u0435","article_publisher":"https:\/\/www.facebook.com\/troubleshootermajorca2020\/","article_published_time":"2025-06-16T08:02:00+00:00","article_modified_time":"2025-07-15T10:10:19+00:00","og_image":[{"width":1920,"height":600,"url":"https:\/\/troubleshootermajorca.com\/wp-content\/uploads\/2024\/07\/4-CAR-min.jpg.webp","type":"image\/webp"}],"author":"Diana","twitter_card":"summary_large_image","twitter_creator":"@Majorcaotdix","twitter_site":"@Majorcaotdix","twitter_misc":{"Verfasst von":"Diana","Gesch\u00e4tzte Lesezeit":"4\u00a0Minuten"},"schema":{"@context":"https:\/\/schema.org","@graph":[{"@type":"WebPage","@id":"https:\/\/troubleshootermajorca.com\/de\/privater-transfer-mallorca-11\/","url":"https:\/\/troubleshootermajorca.com\/de\/privater-transfer-mallorca-11\/","name":"Transfer vom Flughafen Palma nach S\u00f3ller oder Port de S\u00f3ller - \u041e\u0442\u0434\u044b\u0445 \u043d\u0430 \u041c\u0430\u0439\u043e\u0440\u043a\u0435%","isPartOf":{"@id":"https:\/\/troubleshootermajorca.com\/#website"},"primaryImageOfPage":{"@id":"https:\/\/troubleshootermajorca.com\/de\/privater-transfer-mallorca-11\/#primaryimage"},"image":{"@id":"https:\/\/troubleshootermajorca.com\/de\/privater-transfer-mallorca-11\/#primaryimage"},"thumbnailUrl":"https:\/\/troubleshootermajorca.com\/wp-content\/uploads\/2024\/07\/4-CAR-min.jpg.webp","datePublished":"2025-06-16T08:02:00+00:00","dateModified":"2025-07-15T10:10:19+00:00","author":{"@id":"https:\/\/troubleshootermajorca.com\/#\/schema\/person\/b491f165db0f3867dedd8854ba6cd12b"},"description":"Private transfer from Palma Airport to S\u00f3ller & Port de S\u00f3ller. Comfortable, fixed-rate, and fast. Chauffeur service available.","breadcrumb":{"@id":"https:\/\/troubleshootermajorca.com\/de\/privater-transfer-mallorca-11\/#breadcrumb"},"inLanguage":"de","potentialAction":[{"@type":"ReadAction","target":["https:\/\/troubleshootermajorca.com\/de\/privater-transfer-mallorca-11\/"]}]},{"@type":"ImageObject","inLanguage":"de","@id":"https:\/\/troubleshootermajorca.com\/de\/privater-transfer-mallorca-11\/#primaryimage","url":"https:\/\/troubleshootermajorca.com\/wp-content\/uploads\/2024\/07\/4-CAR-min.jpg.webp","contentUrl":"https:\/\/troubleshootermajorca.com\/wp-content\/uploads\/2024\/07\/4-CAR-min.jpg.webp","width":1920,"height":600},{"@type":"BreadcrumbList","@id":"https:\/\/troubleshootermajorca.com\/de\/privater-transfer-mallorca-11\/#breadcrumb","itemListElement":[{"@type":"ListItem","position":1,"name":"Home","item":"https:\/\/troubleshootermajorca.com\/de\/"},{"@type":"ListItem","position":2,"name":"Privater Transfer vom Flughafen Palma nach S\u00f3ller &amp; Port de S\u00f3ller"}]},{"@type":"WebSite","@id":"https:\/\/troubleshootermajorca.com\/#website","url":"https:\/\/troubleshootermajorca.com\/","name":"Troubleshooter Mallorca Chauffeur Service","description":"\u0422\u0440\u0430\u043d\u0441\u0444\u0435\u0440 ","potentialAction":[{"@type":"SearchAction","target":{"@type":"EntryPoint","urlTemplate":"https:\/\/troubleshootermajorca.com\/?s={search_term_string}"},"query-input":"required name=search_term_string"}],"inLanguage":"de"},{"@type":"Person","@id":"https:\/\/troubleshootermajorca.com\/#\/schema\/person\/b491f165db0f3867dedd8854ba6cd12b","name":"Diana","image":{"@type":"ImageObject","inLanguage":"de","@id":"https:\/\/troubleshootermajorca.com\/#\/schema\/person\/image\/","url":"https:\/\/secure.gravatar.com\/avatar\/36df62e685512eac816927227767d30e?s=96&d=mm&r=g","contentUrl":"https:\/\/secure.gravatar.com\/avatar\/36df62e685512eac816927227767d30e?s=96&d=mm&r=g","caption":"Diana"},"url":"https:\/\/troubleshootermajorca.com\/de\/author\/tm-diana-01\/"}]}},"_links":{"self":[{"href":"https:\/\/troubleshootermajorca.com\/de\/wp-json\/wp\/v2\/posts\/7187"}],"collection":[{"href":"https:\/\/troubleshootermajorca.com\/de\/wp-json\/wp\/v2\/posts"}],"about":[{"href":"https:\/\/troubleshootermajorca.com\/de\/wp-json\/wp\/v2\/types\/post"}],"author":[{"embeddable":true,"href":"https:\/\/troubleshootermajorca.com\/de\/wp-json\/wp\/v2\/users\/3"}],"replies":[{"embeddable":true,"href":"https:\/\/troubleshootermajorca.com\/de\/wp-json\/wp\/v2\/comments?post=7187"}],"version-history":[{"count":0,"href":"https:\/\/troubleshootermajorca.com\/de\/wp-json\/wp\/v2\/posts\/7187\/revisions"}],"wp:featuredmedia":[{"embeddable":true,"href":"https:\/\/troubleshootermajorca.com\/de\/wp-json\/wp\/v2\/media\/5235"}],"wp:attachment":[{"href":"https:\/\/troubleshootermajorca.com\/de\/wp-json\/wp\/v2\/media?parent=7187"}],"wp:term":[{"taxonomy":"category","embeddable":true,"href":"https:\/\/troubleshootermajorca.com\/de\/wp-json\/wp\/v2\/categories?post=7187"},{"taxonomy":"post_tag","embeddable":true,"href":"https:\/\/troubleshootermajorca.com\/de\/wp-json\/wp\/v2\/tags?post=7187"}],"curies":[{"name":"wp","href":"https:\/\/api.w.org\/{rel}","templated":true}]}}