{"id":7165,"date":"2025-05-09T16:21:26","date_gmt":"2025-05-09T13:21:26","guid":{"rendered":"https:\/\/troubleshootermajorca.com\/?p=7165"},"modified":"2026-04-17T11:37:04","modified_gmt":"2026-04-17T08:37:04","slug":"privater-transfer-mallorca-10","status":"publish","type":"post","link":"https:\/\/troubleshootermajorca.com\/de\/privater-transfer-mallorca-10\/","title":{"rendered":"Private Gruppentransfers auf Mallorca &#8211; komfortabel, zuverl\u00e4ssig, pers\u00f6nlich"},"content":{"rendered":"<p><a href=\"https:\/\/troubleshootermajorca.com\/de\/\">Startseite<\/a> &gt;&gt; <a href=\"https:\/\/troubleshootermajorca.com\/de\/ueber-mallorca\/\">\u00dcber Mallorca<\/a> &gt;&gt;Privater Gruppentransfer auf Mallorca<\/p>\n<p>Wenn Sie eine Gruppenreise nach Mallorca planen, sollte es nicht kompliziert sein, den richtigen Transport zu finden. Egal, ob Sie mit 10 Freunden, einer gro\u00dfen Familie, einer Hochzeitsgesellschaft oder Ihrem Team reisen, unser privater Transferservice ist darauf ausgelegt , Ihre Reise reibungslos, sicher und stressfrei zu gestalten.<\/p>\n<p>Wir sind ein kleines, lokales Unternehmen &#8211; und das ist unsere St\u00e4rke. Im Gegensatz zu gro\u00dfen, unpers\u00f6nlichen Anbietern k\u00fcmmern wir uns wirklich um jeden Gast, den wir treffen. Unser Ziel ist einfach: Wir wollen Sie bequem, p\u00fcnktlich und ohne \u00dcberraschungen an Ihr Ziel bringen. Kein Stress. Keine versteckten Geb\u00fchren. Keine Verwirrung am Flughafen.<\/p>\n<h2>Ihr Komfort, unsere Priorit\u00e4t<\/h2>\n<p>Wir sind spezialisiert auf Gruppentransfers auf Mallorca mit modernen Sprinter-Vans f\u00fcr 12, 14, 16 und 22 Passagiere. Egal, ob Sie am Flughafen Palma de Mallorca landen oder eine Fahrt von Ihrer Villa zu einem Ferienort ben\u00f6tigen, wir sind f\u00fcr Sie da &#8211; Tag und Nacht.<\/p>\n<p><strong>Unsere Dienstleistungen sind ideal f\u00fcr:<\/strong><br \/>\n\u2022 Familien und gro\u00dfe Freundesgruppen<br \/>\n\u2022 Hochzeitsg\u00e4ste und Veranstaltungen<br \/>\n\u2022 Rad- oder Golfteams<br \/>\n\u2022 Gesch\u00e4ftsreisen<br \/>\n\u2022 Retreats und private Touren<\/p>\n<p>Jeder Transfer ist privat, mit einem Englisch sprechenden Fahrer, und vollst\u00e4ndig auf Ihren Zeitplan und Ihre Bed\u00fcrfnisse zugeschnitten.<\/p>\n<p><a href=\"https:\/\/troubleshootermajorca.com\/#scrolltoform\"><br \/>\nBestellung<br \/>\n<\/a><\/p>\n<p><strong>Warum sollten Sie sich f\u00fcr uns entscheiden?<\/strong><br \/>\n&#8211; Wirsind ein kleines und flexibles Unternehmen &#8211; wir passen uns Ihren Bed\u00fcrfnissen an<br \/>\n&#8211; Ihre Erfahrungen sind uns wichtig<br \/>\n&#8211; Unser Ruf ist uns wichtiger als schneller Profit<br \/>\n&#8211; Wir garantieren Sicherheit, Zuverl\u00e4ssigkeit und Transparenz<br \/>\n&#8211; Wir bieten Pauschalpreise ohne versteckte Kosten<br \/>\n&#8211; Wir bieten 24\/7 Support und Flug\u00fcberwachung in Echtzeit<\/p>\n<p><strong>Beliebte Gruppentransferrouten auf Mallorca<\/strong><br \/>\n&#8211; Flughafen Palma nach Magaluf &#8211; Sprintertransfer f\u00fcr 14 Personen<br \/>\n&#8211; Privater Minibus von Mallorca nach Cala d&#8217;Or f\u00fcr 12 Personen<br \/>\n&#8211; Gruppentransfer von Alcudia vom Flughafen Palma &#8211; bis zu 16 Personen<br \/>\n&#8211; Sprintervermietung auf Mallorca mit Fahrer f\u00fcr Veranstaltungen und Touren<br \/>\n&#8211; Flughafenshuttle f\u00fcr gro\u00dfe Familien und Gruppen (12-22 Personen)<\/p>\n<p>Ob Sie in einem Hotel oder einer privaten Villa \u00fcbernachten oder zu einer besonderen Veranstaltung fahren, wir sorgen daf\u00fcr, dass Ihr Gruppentransfer auf Mallorca von Anfang bis Ende reibungslos und stressfrei verl\u00e4uft.<\/p>\n<h3>Moderne Flotte f\u00fcr jede Gruppengr\u00f6\u00dfe<\/h3>\n<p>Wir bieten ger\u00e4umige, klimatisierte Fahrzeuge:<\/p>\n<p>\u2022 Van f\u00fcr bis zu 8 Passagiere \u2013 ideal f\u00fcr kleine Gruppen<br \/>\n\u2022 Sprinter f\u00fcr 12\u201316 Passagiere \u2013 perfekt f\u00fcr Familien und Teams<br \/>\n\u2022 Sprinter XL f\u00fcr bis zu 22 Passagiere \u2013 ideal f\u00fcr Hochzeiten, Events oder Retreats<\/p>\n<p>Jedes Fahrzeug ist sauber, modern und komfortabel und bietet ausreichend Platz f\u00fcr Gep\u00e4ck.<\/p>\n<p><a href=\"https:\/\/troubleshootermajorca.com\/de\/\"><strong>Buchen Sie Ihren Mallorca-Transfer noch heute<\/strong><\/a><\/p>\n<p>Es dauert nur eine Minute, um zu buchen. Nutzen Sie unser Schnellformular, um uns Ihre Reisedaten mitzuteilen, und wir k\u00fcmmern uns um den Rest.<br \/>\nKein Stress. Keine \u00dcberraschungen. Nur ehrlicher Service und eine reibungslose Fahrt.<\/p>\n<p>Schlie\u00dfen Sie sich der wachsenden Zahl von G\u00e4sten aus den USA, Gro\u00dfbritannien, Deutschland, Frankreich und Skandinavien an, die uns f\u00fcr ihre privaten Gruppentransfers auf Mallorca w\u00e4hlen.<\/p>\n<p>Ihre Reise beginnt in dem Moment, in dem Sie landen &#8211; lassen Sie uns daf\u00fcr sorgen, dass es eine gute Reise wird.<\/p>\n","protected":false},"excerpt":{"rendered":"<p>Organisieren Sie eine Gruppenreise nach Mallorca? Entdecken Sie stressfreie Privattransfers mit modernen Vans, Pauschalpreisen und pers\u00f6nlichem Service f\u00fcr bis zu 22 Personen. <\/p>\n","protected":false},"author":3,"featured_media":7329,"comment_status":"closed","ping_status":"closed","sticky":false,"template":"","format":"standard","meta":{"ocean_post_layout":"full-screen","ocean_both_sidebars_style":"","ocean_both_sidebars_content_width":0,"ocean_both_sidebars_sidebars_width":0,"ocean_sidebar":"0","ocean_second_sidebar":"0","ocean_disable_margins":"on","ocean_add_body_class":"","ocean_shortcode_before_top_bar":"","ocean_shortcode_after_top_bar":"","ocean_shortcode_before_header":"","ocean_shortcode_after_header":"","ocean_has_shortcode":"","ocean_shortcode_after_title":"","ocean_shortcode_before_footer_widgets":"","ocean_shortcode_after_footer_widgets":"","ocean_shortcode_before_footer_bottom":"","ocean_shortcode_after_footer_bottom":"","ocean_display_top_bar":"off","ocean_display_header":"default","ocean_header_style":"","ocean_center_header_left_menu":"0","ocean_custom_header_template":"0","ocean_custom_logo":0,"ocean_custom_retina_logo":0,"ocean_custom_logo_max_width":0,"ocean_custom_logo_tablet_max_width":0,"ocean_custom_logo_mobile_max_width":0,"ocean_custom_logo_max_height":0,"ocean_custom_logo_tablet_max_height":0,"ocean_custom_logo_mobile_max_height":0,"ocean_header_custom_menu":"0","ocean_menu_typo_font_family":"0","ocean_menu_typo_font_subset":"","ocean_menu_typo_font_size":0,"ocean_menu_typo_font_size_tablet":0,"ocean_menu_typo_font_size_mobile":0,"ocean_menu_typo_font_size_unit":"px","ocean_menu_typo_font_weight":"","ocean_menu_typo_font_weight_tablet":"","ocean_menu_typo_font_weight_mobile":"","ocean_menu_typo_transform":"","ocean_menu_typo_transform_tablet":"","ocean_menu_typo_transform_mobile":"","ocean_menu_typo_line_height":0,"ocean_menu_typo_line_height_tablet":0,"ocean_menu_typo_line_height_mobile":0,"ocean_menu_typo_line_height_unit":"","ocean_menu_typo_spacing":0,"ocean_menu_typo_spacing_tablet":0,"ocean_menu_typo_spacing_mobile":0,"ocean_menu_typo_spacing_unit":"","ocean_menu_link_color":"","ocean_menu_link_color_hover":"","ocean_menu_link_color_active":"","ocean_menu_link_background":"","ocean_menu_link_hover_background":"","ocean_menu_link_active_background":"","ocean_menu_social_links_bg":"","ocean_menu_social_hover_links_bg":"","ocean_menu_social_links_color":"","ocean_menu_social_hover_links_color":"","ocean_disable_title":"on","ocean_disable_heading":"default","ocean_post_title":"","ocean_post_subheading":"","ocean_post_title_style":"","ocean_post_title_background_color":"","ocean_post_title_background":0,"ocean_post_title_bg_image_position":"","ocean_post_title_bg_image_attachment":"","ocean_post_title_bg_image_repeat":"","ocean_post_title_bg_image_size":"","ocean_post_title_height":0,"ocean_post_title_bg_overlay":0.5,"ocean_post_title_bg_overlay_color":"","ocean_disable_breadcrumbs":"off","ocean_breadcrumbs_color":"","ocean_breadcrumbs_separator_color":"","ocean_breadcrumbs_links_color":"","ocean_breadcrumbs_links_hover_color":"","ocean_display_footer_widgets":"default","ocean_display_footer_bottom":"default","ocean_custom_footer_template":"0","footnotes":"","ocean_post_oembed":"","ocean_post_self_hosted_media":"","ocean_post_video_embed":"","ocean_link_format":"","ocean_link_format_target":"self","ocean_quote_format":"","ocean_quote_format_link":"post","ocean_gallery_link_images":"off","ocean_gallery_id":[]},"categories":[51],"tags":[],"yoast_head":"<!-- This site is optimized with the Yoast SEO plugin v22.6 - https:\/\/yoast.com\/wordpress\/plugins\/seo\/ -->\n<title>Private Gruppentransfers auf Mallorca | Zuverl\u00e4ssiger Minibus-Service- \u041e\u0442\u0434\u044b\u0445 \u043d\u0430 \u041c\u0430\u0439\u043e\u0440\u043a\u0435<\/title>\n<meta name=\"description\" content=\"Private Gruppentransfers auf Mallorca f\u00fcr 8-22 Personen. Pauschalpreise, moderne Sprinter, englischsprachige Fahrer, stressfreie Abholung vom Flughafen.\" \/>\n<meta name=\"robots\" content=\"index, follow, max-snippet:-1, max-image-preview:large, max-video-preview:-1\" \/>\n<link rel=\"canonical\" href=\"https:\/\/troubleshootermajorca.com\/de\/privater-transfer-mallorca-10\/\" \/>\n<meta property=\"og:locale\" content=\"de_DE\" \/>\n<meta property=\"og:type\" content=\"article\" \/>\n<meta property=\"og:title\" content=\"Private Gruppentransfers auf Mallorca | Zuverl\u00e4ssiger Minibus-Service- \u041e\u0442\u0434\u044b\u0445 \u043d\u0430 \u041c\u0430\u0439\u043e\u0440\u043a\u0435\" \/>\n<meta property=\"og:description\" content=\"Private Gruppentransfers auf Mallorca f\u00fcr 8-22 Personen. Pauschalpreise, moderne Sprinter, englischsprachige Fahrer, stressfreie Abholung vom Flughafen.\" \/>\n<meta property=\"og:url\" content=\"https:\/\/troubleshootermajorca.com\/de\/privater-transfer-mallorca-10\/\" \/>\n<meta property=\"og:site_name\" content=\"\u041e\u0442\u0434\u044b\u0445 \u043d\u0430 \u041c\u0430\u0439\u043e\u0440\u043a\u0435\" \/>\n<meta property=\"article:publisher\" content=\"https:\/\/www.facebook.com\/troubleshootermajorca2020\/\" \/>\n<meta property=\"article:published_time\" content=\"2025-05-09T13:21:26+00:00\" \/>\n<meta property=\"article:modified_time\" content=\"2026-04-17T08:37:04+00:00\" \/>\n<meta property=\"og:image\" content=\"https:\/\/troubleshootermajorca.com\/wp-content\/uploads\/2025\/05\/Private-group-transfers-in-Mallorca.webp\" \/>\n\t<meta property=\"og:image:width\" content=\"1536\" \/>\n\t<meta property=\"og:image:height\" content=\"329\" \/>\n\t<meta property=\"og:image:type\" content=\"image\/webp\" \/>\n<meta name=\"author\" content=\"Diana\" \/>\n<meta name=\"twitter:card\" content=\"summary_large_image\" \/>\n<meta name=\"twitter:creator\" content=\"@Majorcaotdix\" \/>\n<meta name=\"twitter:site\" content=\"@Majorcaotdix\" \/>\n<meta name=\"twitter:label1\" content=\"Verfasst von\" \/>\n\t<meta name=\"twitter:data1\" content=\"Diana\" \/>\n\t<meta name=\"twitter:label2\" content=\"Gesch\u00e4tzte Lesezeit\" \/>\n\t<meta name=\"twitter:data2\" content=\"3\u00a0Minuten\" \/>\n<script type=\"application\/ld+json\" class=\"yoast-schema-graph\">{\"@context\":\"https:\/\/schema.org\",\"@graph\":[{\"@type\":\"WebPage\",\"@id\":\"https:\/\/troubleshootermajorca.com\/de\/privater-transfer-mallorca-10\/\",\"url\":\"https:\/\/troubleshootermajorca.com\/de\/privater-transfer-mallorca-10\/\",\"name\":\"Private Gruppentransfers auf Mallorca | Zuverl\u00e4ssiger Minibus-Service- \u041e\u0442\u0434\u044b\u0445 \u043d\u0430 \u041c\u0430\u0439\u043e\u0440\u043a\u0435\",\"isPartOf\":{\"@id\":\"https:\/\/troubleshootermajorca.com\/#website\"},\"primaryImageOfPage\":{\"@id\":\"https:\/\/troubleshootermajorca.com\/de\/privater-transfer-mallorca-10\/#primaryimage\"},\"image\":{\"@id\":\"https:\/\/troubleshootermajorca.com\/de\/privater-transfer-mallorca-10\/#primaryimage\"},\"thumbnailUrl\":\"https:\/\/troubleshootermajorca.com\/wp-content\/uploads\/2025\/05\/Private-group-transfers-in-Mallorca.webp\",\"datePublished\":\"2025-05-09T13:21:26+00:00\",\"dateModified\":\"2026-04-17T08:37:04+00:00\",\"author\":{\"@id\":\"https:\/\/troubleshootermajorca.com\/#\/schema\/person\/b491f165db0f3867dedd8854ba6cd12b\"},\"description\":\"Private Gruppentransfers auf Mallorca f\u00fcr 8-22 Personen. Pauschalpreise, moderne Sprinter, englischsprachige Fahrer, stressfreie Abholung vom Flughafen.\",\"breadcrumb\":{\"@id\":\"https:\/\/troubleshootermajorca.com\/de\/privater-transfer-mallorca-10\/#breadcrumb\"},\"inLanguage\":\"de\",\"potentialAction\":[{\"@type\":\"ReadAction\",\"target\":[\"https:\/\/troubleshootermajorca.com\/de\/privater-transfer-mallorca-10\/\"]}]},{\"@type\":\"ImageObject\",\"inLanguage\":\"de\",\"@id\":\"https:\/\/troubleshootermajorca.com\/de\/privater-transfer-mallorca-10\/#primaryimage\",\"url\":\"https:\/\/troubleshootermajorca.com\/wp-content\/uploads\/2025\/05\/Private-group-transfers-in-Mallorca.webp\",\"contentUrl\":\"https:\/\/troubleshootermajorca.com\/wp-content\/uploads\/2025\/05\/Private-group-transfers-in-Mallorca.webp\",\"width\":1536,\"height\":329,\"caption\":\"Private group transfers in Mallorca\"},{\"@type\":\"BreadcrumbList\",\"@id\":\"https:\/\/troubleshootermajorca.com\/de\/privater-transfer-mallorca-10\/#breadcrumb\",\"itemListElement\":[{\"@type\":\"ListItem\",\"position\":1,\"name\":\"Home\",\"item\":\"https:\/\/troubleshootermajorca.com\/de\/\"},{\"@type\":\"ListItem\",\"position\":2,\"name\":\"Private Gruppentransfers auf Mallorca &#8211; komfortabel, zuverl\u00e4ssig, pers\u00f6nlich\"}]},{\"@type\":\"WebSite\",\"@id\":\"https:\/\/troubleshootermajorca.com\/#website\",\"url\":\"https:\/\/troubleshootermajorca.com\/\",\"name\":\"Troubleshooter Mallorca Chauffeur Service\",\"description\":\"\u0422\u0440\u0430\u043d\u0441\u0444\u0435\u0440 \",\"potentialAction\":[{\"@type\":\"SearchAction\",\"target\":{\"@type\":\"EntryPoint\",\"urlTemplate\":\"https:\/\/troubleshootermajorca.com\/?s={search_term_string}\"},\"query-input\":\"required name=search_term_string\"}],\"inLanguage\":\"de\"},{\"@type\":\"Person\",\"@id\":\"https:\/\/troubleshootermajorca.com\/#\/schema\/person\/b491f165db0f3867dedd8854ba6cd12b\",\"name\":\"Diana\",\"image\":{\"@type\":\"ImageObject\",\"inLanguage\":\"de\",\"@id\":\"https:\/\/troubleshootermajorca.com\/#\/schema\/person\/image\/\",\"url\":\"https:\/\/secure.gravatar.com\/avatar\/36df62e685512eac816927227767d30e?s=96&d=mm&r=g\",\"contentUrl\":\"https:\/\/secure.gravatar.com\/avatar\/36df62e685512eac816927227767d30e?s=96&d=mm&r=g\",\"caption\":\"Diana\"},\"url\":\"https:\/\/troubleshootermajorca.com\/de\/author\/tm-diana-01\/\"}]}<\/script>\n<!-- \/ Yoast SEO plugin. -->","yoast_head_json":{"title":"Private Gruppentransfers auf Mallorca | Zuverl\u00e4ssiger Minibus-Service- \u041e\u0442\u0434\u044b\u0445 \u043d\u0430 \u041c\u0430\u0439\u043e\u0440\u043a\u0435","description":"Private Gruppentransfers auf Mallorca f\u00fcr 8-22 Personen. Pauschalpreise, moderne Sprinter, englischsprachige Fahrer, stressfreie Abholung vom Flughafen.","robots":{"index":"index","follow":"follow","max-snippet":"max-snippet:-1","max-image-preview":"max-image-preview:large","max-video-preview":"max-video-preview:-1"},"canonical":"https:\/\/troubleshootermajorca.com\/de\/privater-transfer-mallorca-10\/","og_locale":"de_DE","og_type":"article","og_title":"Private Gruppentransfers auf Mallorca | Zuverl\u00e4ssiger Minibus-Service- \u041e\u0442\u0434\u044b\u0445 \u043d\u0430 \u041c\u0430\u0439\u043e\u0440\u043a\u0435","og_description":"Private Gruppentransfers auf Mallorca f\u00fcr 8-22 Personen. Pauschalpreise, moderne Sprinter, englischsprachige Fahrer, stressfreie Abholung vom Flughafen.","og_url":"https:\/\/troubleshootermajorca.com\/de\/privater-transfer-mallorca-10\/","og_site_name":"\u041e\u0442\u0434\u044b\u0445 \u043d\u0430 \u041c\u0430\u0439\u043e\u0440\u043a\u0435","article_publisher":"https:\/\/www.facebook.com\/troubleshootermajorca2020\/","article_published_time":"2025-05-09T13:21:26+00:00","article_modified_time":"2026-04-17T08:37:04+00:00","og_image":[{"width":1536,"height":329,"url":"https:\/\/troubleshootermajorca.com\/wp-content\/uploads\/2025\/05\/Private-group-transfers-in-Mallorca.webp","type":"image\/webp"}],"author":"Diana","twitter_card":"summary_large_image","twitter_creator":"@Majorcaotdix","twitter_site":"@Majorcaotdix","twitter_misc":{"Verfasst von":"Diana","Gesch\u00e4tzte Lesezeit":"3\u00a0Minuten"},"schema":{"@context":"https:\/\/schema.org","@graph":[{"@type":"WebPage","@id":"https:\/\/troubleshootermajorca.com\/de\/privater-transfer-mallorca-10\/","url":"https:\/\/troubleshootermajorca.com\/de\/privater-transfer-mallorca-10\/","name":"Private Gruppentransfers auf Mallorca | Zuverl\u00e4ssiger Minibus-Service- \u041e\u0442\u0434\u044b\u0445 \u043d\u0430 \u041c\u0430\u0439\u043e\u0440\u043a\u0435","isPartOf":{"@id":"https:\/\/troubleshootermajorca.com\/#website"},"primaryImageOfPage":{"@id":"https:\/\/troubleshootermajorca.com\/de\/privater-transfer-mallorca-10\/#primaryimage"},"image":{"@id":"https:\/\/troubleshootermajorca.com\/de\/privater-transfer-mallorca-10\/#primaryimage"},"thumbnailUrl":"https:\/\/troubleshootermajorca.com\/wp-content\/uploads\/2025\/05\/Private-group-transfers-in-Mallorca.webp","datePublished":"2025-05-09T13:21:26+00:00","dateModified":"2026-04-17T08:37:04+00:00","author":{"@id":"https:\/\/troubleshootermajorca.com\/#\/schema\/person\/b491f165db0f3867dedd8854ba6cd12b"},"description":"Private Gruppentransfers auf Mallorca f\u00fcr 8-22 Personen. Pauschalpreise, moderne Sprinter, englischsprachige Fahrer, stressfreie Abholung vom Flughafen.","breadcrumb":{"@id":"https:\/\/troubleshootermajorca.com\/de\/privater-transfer-mallorca-10\/#breadcrumb"},"inLanguage":"de","potentialAction":[{"@type":"ReadAction","target":["https:\/\/troubleshootermajorca.com\/de\/privater-transfer-mallorca-10\/"]}]},{"@type":"ImageObject","inLanguage":"de","@id":"https:\/\/troubleshootermajorca.com\/de\/privater-transfer-mallorca-10\/#primaryimage","url":"https:\/\/troubleshootermajorca.com\/wp-content\/uploads\/2025\/05\/Private-group-transfers-in-Mallorca.webp","contentUrl":"https:\/\/troubleshootermajorca.com\/wp-content\/uploads\/2025\/05\/Private-group-transfers-in-Mallorca.webp","width":1536,"height":329,"caption":"Private group transfers in Mallorca"},{"@type":"BreadcrumbList","@id":"https:\/\/troubleshootermajorca.com\/de\/privater-transfer-mallorca-10\/#breadcrumb","itemListElement":[{"@type":"ListItem","position":1,"name":"Home","item":"https:\/\/troubleshootermajorca.com\/de\/"},{"@type":"ListItem","position":2,"name":"Private Gruppentransfers auf Mallorca &#8211; komfortabel, zuverl\u00e4ssig, pers\u00f6nlich"}]},{"@type":"WebSite","@id":"https:\/\/troubleshootermajorca.com\/#website","url":"https:\/\/troubleshootermajorca.com\/","name":"Troubleshooter Mallorca Chauffeur Service","description":"\u0422\u0440\u0430\u043d\u0441\u0444\u0435\u0440 ","potentialAction":[{"@type":"SearchAction","target":{"@type":"EntryPoint","urlTemplate":"https:\/\/troubleshootermajorca.com\/?s={search_term_string}"},"query-input":"required name=search_term_string"}],"inLanguage":"de"},{"@type":"Person","@id":"https:\/\/troubleshootermajorca.com\/#\/schema\/person\/b491f165db0f3867dedd8854ba6cd12b","name":"Diana","image":{"@type":"ImageObject","inLanguage":"de","@id":"https:\/\/troubleshootermajorca.com\/#\/schema\/person\/image\/","url":"https:\/\/secure.gravatar.com\/avatar\/36df62e685512eac816927227767d30e?s=96&d=mm&r=g","contentUrl":"https:\/\/secure.gravatar.com\/avatar\/36df62e685512eac816927227767d30e?s=96&d=mm&r=g","caption":"Diana"},"url":"https:\/\/troubleshootermajorca.com\/de\/author\/tm-diana-01\/"}]}},"_links":{"self":[{"href":"https:\/\/troubleshootermajorca.com\/de\/wp-json\/wp\/v2\/posts\/7165"}],"collection":[{"href":"https:\/\/troubleshootermajorca.com\/de\/wp-json\/wp\/v2\/posts"}],"about":[{"href":"https:\/\/troubleshootermajorca.com\/de\/wp-json\/wp\/v2\/types\/post"}],"author":[{"embeddable":true,"href":"https:\/\/troubleshootermajorca.com\/de\/wp-json\/wp\/v2\/users\/3"}],"replies":[{"embeddable":true,"href":"https:\/\/troubleshootermajorca.com\/de\/wp-json\/wp\/v2\/comments?post=7165"}],"version-history":[{"count":3,"href":"https:\/\/troubleshootermajorca.com\/de\/wp-json\/wp\/v2\/posts\/7165\/revisions"}],"predecessor-version":[{"id":7459,"href":"https:\/\/troubleshootermajorca.com\/de\/wp-json\/wp\/v2\/posts\/7165\/revisions\/7459"}],"wp:featuredmedia":[{"embeddable":true,"href":"https:\/\/troubleshootermajorca.com\/de\/wp-json\/wp\/v2\/media\/7329"}],"wp:attachment":[{"href":"https:\/\/troubleshootermajorca.com\/de\/wp-json\/wp\/v2\/media?parent=7165"}],"wp:term":[{"taxonomy":"category","embeddable":true,"href":"https:\/\/troubleshootermajorca.com\/de\/wp-json\/wp\/v2\/categories?post=7165"},{"taxonomy":"post_tag","embeddable":true,"href":"https:\/\/troubleshootermajorca.com\/de\/wp-json\/wp\/v2\/tags?post=7165"}],"curies":[{"name":"wp","href":"https:\/\/api.w.org\/{rel}","templated":true}]}}